{"id":142299,"date":"2026-08-31T20:30:55","date_gmt":"2026-08-31T17:30:55","guid":{"rendered":"https:\/\/tehdasry.fi\/wordpress\/?p=142299"},"modified":"2026-08-31T20:31:30","modified_gmt":"2026-08-31T17:31:30","slug":"pumpputehdas-vol-2","status":"publish","type":"post","link":"https:\/\/tehdasry.fi\/wordpress\/2026\/08\/31\/pumpputehdas-vol-2\/","title":{"rendered":"Pumpputehdas Vol.2"},"content":{"rendered":"\n<figure class=\"wp-block-image size-large is-resized\"><img loading=\"lazy\" decoding=\"async\" width=\"715\" height=\"1024\" src=\"https:\/\/tehdasry.fi\/wordpress\/wp-content\/uploads\/2026\/08\/fb7bfd43-e1d1-4bde-926a-12178c6b41eb-715x1024.jpeg\" alt=\"\" class=\"wp-image-142300\" style=\"aspect-ratio:0.6982434246601245;width:494px;height:auto\" srcset=\"https:\/\/tehdasry.fi\/wordpress\/wp-content\/uploads\/2026\/08\/fb7bfd43-e1d1-4bde-926a-12178c6b41eb-715x1024.jpeg 715w, https:\/\/tehdasry.fi\/wordpress\/wp-content\/uploads\/2026\/08\/fb7bfd43-e1d1-4bde-926a-12178c6b41eb-210x300-1.jpeg 210w, https:\/\/tehdasry.fi\/wordpress\/wp-content\/uploads\/2026\/08\/fb7bfd43-e1d1-4bde-926a-12178c6b41eb-1072x1536.jpeg 1072w, https:\/\/tehdasry.fi\/wordpress\/wp-content\/uploads\/2026\/08\/fb7bfd43-e1d1-4bde-926a-12178c6b41eb-1429x2048.jpeg 1429w, https:\/\/tehdasry.fi\/wordpress\/wp-content\/uploads\/2026\/08\/fb7bfd43-e1d1-4bde-926a-12178c6b41eb-scaled.jpeg 1787w\" sizes=\"auto, (max-width: 715px) 100vw, 715px\" \/><\/figure>\n\n\n\n<div style=\"height:45px\" aria-hidden=\"true\" class=\"wp-block-spacer\"><\/div>\n\n\n\n<p class=\"wp-block-paragraph\">Pumpputehdas Vol.2 jyskytt\u00e4\u00e4, puhisee, kilkuttaa ja rahisee maailmaan lis\u00e4\u00e4 taidetta Kulttuuriyhdistys Pumppu ry:n ja T.E.H.D.A.S. ry:n toisessa yhteisty\u00f6tapahtumassa 4.- 6.9! Runsas joukko taiteilijoita saapuu vanhalle lyhytaaltoasemalle \u00c4\u00c4NEN ajamana, oli se sitten sis\u00e4inen \u00e4\u00e4ni, luonnon \u00e4\u00e4ni, ihmis\u00e4\u00e4ni tai menneisyyden kaiku. Viikonlopun aikana ty\u00f6stet\u00e4\u00e4n installaatioita, uppoudutaan prosessiin ja valmistellaan hetkellisi\u00e4 esityksi\u00e4.&nbsp;<\/p>\n\n\n\n<p class=\"wp-block-paragraph\">Sinfonia soi lauantaina sek\u00e4 avoimien ovien merkeiss\u00e4, ett\u00e4 huipentuu klo. 17.00 alkavaan iltaklubiin, jossa n\u00e4hd\u00e4\u00e4n useita performansseja ja muuta hetkess\u00e4 tapahtuvaa taidetta. Illan j\u00e4lkeen ei tarvitse l\u00e4hte\u00e4 kotiin n\u00e4lk\u00e4isen\u00e4, sill\u00e4 grilli l\u00e4mpenee esitysten p\u00e4\u00e4tytty\u00e4! Omat ev\u00e4\u00e4t mukaan.<\/p>\n\n\n\n<p class=\"wp-block-paragraph\">Sunnuntaina 6.9. viikonlopun ty\u00f6skentelyn j\u00e4ljet ovat viel\u00e4 yleis\u00f6n n\u00e4ht\u00e4vill\u00e4 klo. 11-15.&nbsp;<\/p>\n\n\n\n<p class=\"wp-block-paragraph\">Tervetuloa ilmaiseen taidetapahtumaan 5.9. kello 17.00 alkaen, tai\/ja 6.9. klo. 11-15 pumpulinpehme\u00e4n j\u00e4lkipyykin \u00e4\u00e4rellle!&nbsp;<\/p>\n\n\n\n<p class=\"wp-block-paragraph\">T.E.H.D.A.S. galleria\/project space, Radioasemantie 1, Pori<\/p>\n\n\n\n<p class=\"wp-block-paragraph\"><\/p>\n","protected":false},"excerpt":{"rendered":"<p>Pumpputehdas Vol.2 jyskytt\u00e4\u00e4, puhisee, kilkuttaa ja rahisee maailmaan lis\u00e4\u00e4 taidetta Kulttuuriyhdistys Pumppu ry:n ja T.E.H.D.A.S. ry:n toisessa yhteisty\u00f6tapahtumassa 4.- 6.9! Runsas joukko taiteilijoita saapuu vanhalle lyhytaaltoasemalle \u00c4\u00c4NEN ajamana, oli se &hellip;<\/p>\n","protected":false},"author":13,"featured_media":142300,"comment_status":"closed","ping_status":"open","sticky":false,"template":"","format":"standard","meta":{"footnotes":""},"categories":[1,18,5],"tags":[],"class_list":["post-142299","post","type-post","status-publish","format-standard","has-post-thumbnail","hentry","category-uncategorized","category-shortwave","category-t-e-h-d-a-s-ry"],"_links":{"self":[{"href":"https:\/\/tehdasry.fi\/wordpress\/wp-json\/wp\/v2\/posts\/142299","targetHints":{"allow":["GET"]}}],"collection":[{"href":"https:\/\/tehdasry.fi\/wordpress\/wp-json\/wp\/v2\/posts"}],"about":[{"href":"https:\/\/tehdasry.fi\/wordpress\/wp-json\/wp\/v2\/types\/post"}],"author":[{"embeddable":true,"href":"https:\/\/tehdasry.fi\/wordpress\/wp-json\/wp\/v2\/users\/13"}],"replies":[{"embeddable":true,"href":"https:\/\/tehdasry.fi\/wordpress\/wp-json\/wp\/v2\/comments?post=142299"}],"version-history":[{"count":2,"href":"https:\/\/tehdasry.fi\/wordpress\/wp-json\/wp\/v2\/posts\/142299\/revisions"}],"predecessor-version":[{"id":142302,"href":"https:\/\/tehdasry.fi\/wordpress\/wp-json\/wp\/v2\/posts\/142299\/revisions\/142302"}],"wp:featuredmedia":[{"embeddable":true,"href":"https:\/\/tehdasry.fi\/wordpress\/wp-json\/wp\/v2\/media\/142300"}],"wp:attachment":[{"href":"https:\/\/tehdasry.fi\/wordpress\/wp-json\/wp\/v2\/media?parent=142299"}],"wp:term":[{"taxonomy":"category","embeddable":true,"href":"https:\/\/tehdasry.fi\/wordpress\/wp-json\/wp\/v2\/categories?post=142299"},{"taxonomy":"post_tag","embeddable":true,"href":"https:\/\/tehdasry.fi\/wordpress\/wp-json\/wp\/v2\/tags?post=142299"}],"curies":[{"name":"wp","href":"https:\/\/api.w.org\/{rel}","templated":true}]}}