{"id":142232,"date":"2026-01-15T17:01:08","date_gmt":"2026-01-15T15:01:08","guid":{"rendered":"https:\/\/tehdasry.fi\/wordpress\/?p=142232"},"modified":"2026-01-15T17:01:10","modified_gmt":"2026-01-15T15:01:10","slug":"t-e-h-d-a-s-ryn-vuosikokous-23-1-2026","status":"publish","type":"post","link":"https:\/\/tehdasry.fi\/wordpress\/2026\/01\/15\/t-e-h-d-a-s-ryn-vuosikokous-23-1-2026\/","title":{"rendered":"T.E.H.D.A.S. ry:n vuosikokous 23.1.2026"},"content":{"rendered":"\n<p><strong>T.E.H.D.A.S. ry:n vuosikokous 23.1.2026, klo 17.00:<\/strong><\/p>\n\n\n\n<p>Radioasemantie 1, 28330 Pori, T.E.H.D.A.S.ry:n toimisto<\/p>\n\n\n\n<p><strong>Tervetuloa!<\/strong><\/p>\n\n\n\n<p>1. kokouksen avaus&nbsp;<\/p>\n\n\n\n<p>2. valitaan kokouksen puheenjohtaja, sihteeri, kaksi p\u00f6yt\u00e4kirjantarkastajaa ja&nbsp;<\/p>\n\n\n\n<p>tarvittaessa kaksi \u00e4\u00e4ntenlaskijaa&nbsp;<\/p>\n\n\n\n<p>3. todetaan kokouksen laillisuus ja p\u00e4\u00e4t\u00f6svaltaisuus&nbsp;<\/p>\n\n\n\n<p>4. hyv\u00e4ksyt\u00e4\u00e4n kokouksen ty\u00f6j\u00e4rjestys<\/p>\n\n\n\n<p>5. Selite: Syyskokous (vuosikokous) on siirretty t\u00e4lle p\u00e4iv\u00e4lle (23.1.2026), koska suurin osa j\u00e4senist\u00f6st\u00e4 ja hallituksesta ei ollut mahdollisuus osallistua syys-joulukuussa 2025 kokoukseen.<\/p>\n\n\n\n<p>6. vahvistetaan toimintasuunnitelma, tulo- ja menoarvio sek\u00e4 liittymis- ja j\u00e4senmaksujen&nbsp;<\/p>\n\n\n\n<p>suuruudet vuodelle 2026<\/p>\n\n\n\n<p>7. valitaan hallituksen puheenjohtaja ja muut j\u00e4senet&nbsp;<\/p>\n\n\n\n<p>8. yksi tai kaksi tilintarkastajaa<\/p>\n\n\n\n<p>9. k\u00e4sitell\u00e4\u00e4n muut kokouskutsussa mainitut asiat<\/p>\n\n\n\n<ul class=\"wp-block-list\">\n<li>n\u00e4yttelyt<\/li>\n\n\n\n<li>klubit<\/li>\n\n\n\n<li>D-Ark<\/li>\n\n\n\n<li>kes\u00e4n\u00e4yttely<\/li>\n\n\n\n<li>symposium<\/li>\n\n\n\n<li>100v Yle<\/li>\n\n\n\n<li>grafiikanpaja<\/li>\n\n\n\n<li>veistospuisto<\/li>\n\n\n\n<li>muu<\/li>\n<\/ul>\n","protected":false},"excerpt":{"rendered":"<p>T.E.H.D.A.S. ry:n vuosikokous 23.1.2026, klo 17.00: Radioasemantie 1, 28330 Pori, T.E.H.D.A.S.ry:n toimisto Tervetuloa! 1. kokouksen avaus&nbsp; 2. valitaan kokouksen puheenjohtaja, sihteeri, kaksi p\u00f6yt\u00e4kirjantarkastajaa ja&nbsp; tarvittaessa kaksi \u00e4\u00e4ntenlaskijaa&nbsp; 3. todetaan kokouksen &hellip;<\/p>\n","protected":false},"author":13,"featured_media":140756,"comment_status":"closed","ping_status":"open","sticky":false,"template":"","format":"standard","meta":{"footnotes":""},"categories":[1,5],"tags":[],"class_list":["post-142232","post","type-post","status-publish","format-standard","has-post-thumbnail","hentry","category-uncategorized","category-t-e-h-d-a-s-ry"],"_links":{"self":[{"href":"https:\/\/tehdasry.fi\/wordpress\/wp-json\/wp\/v2\/posts\/142232","targetHints":{"allow":["GET"]}}],"collection":[{"href":"https:\/\/tehdasry.fi\/wordpress\/wp-json\/wp\/v2\/posts"}],"about":[{"href":"https:\/\/tehdasry.fi\/wordpress\/wp-json\/wp\/v2\/types\/post"}],"author":[{"embeddable":true,"href":"https:\/\/tehdasry.fi\/wordpress\/wp-json\/wp\/v2\/users\/13"}],"replies":[{"embeddable":true,"href":"https:\/\/tehdasry.fi\/wordpress\/wp-json\/wp\/v2\/comments?post=142232"}],"version-history":[{"count":1,"href":"https:\/\/tehdasry.fi\/wordpress\/wp-json\/wp\/v2\/posts\/142232\/revisions"}],"predecessor-version":[{"id":142233,"href":"https:\/\/tehdasry.fi\/wordpress\/wp-json\/wp\/v2\/posts\/142232\/revisions\/142233"}],"wp:featuredmedia":[{"embeddable":true,"href":"https:\/\/tehdasry.fi\/wordpress\/wp-json\/wp\/v2\/media\/140756"}],"wp:attachment":[{"href":"https:\/\/tehdasry.fi\/wordpress\/wp-json\/wp\/v2\/media?parent=142232"}],"wp:term":[{"taxonomy":"category","embeddable":true,"href":"https:\/\/tehdasry.fi\/wordpress\/wp-json\/wp\/v2\/categories?post=142232"},{"taxonomy":"post_tag","embeddable":true,"href":"https:\/\/tehdasry.fi\/wordpress\/wp-json\/wp\/v2\/tags?post=142232"}],"curies":[{"name":"wp","href":"https:\/\/api.w.org\/{rel}","templated":true}]}}