{"id":142180,"date":"2025-08-25T20:26:45","date_gmt":"2025-08-25T17:26:45","guid":{"rendered":"https:\/\/tehdasry.fi\/wordpress\/?p=142180"},"modified":"2025-09-05T19:31:16","modified_gmt":"2025-09-05T16:31:16","slug":"live-konserttiverde","status":"publish","type":"post","link":"https:\/\/tehdasry.fi\/wordpress\/2025\/08\/25\/live-konserttiverde\/","title":{"rendered":"Live konsertti: Verde"},"content":{"rendered":"\n<figure class=\"wp-block-image size-medium\"><img loading=\"lazy\" decoding=\"async\" width=\"266\" height=\"300\" src=\"https:\/\/tehdasry.fi\/wordpress\/wp-content\/uploads\/2025\/08\/539888664_2860120114176908_998333435182791462_n-266x300.jpg\" alt=\"\" class=\"wp-image-142181\" srcset=\"https:\/\/tehdasry.fi\/wordpress\/wp-content\/uploads\/2025\/08\/539888664_2860120114176908_998333435182791462_n-266x300.jpg 266w, https:\/\/tehdasry.fi\/wordpress\/wp-content\/uploads\/2025\/08\/539888664_2860120114176908_998333435182791462_n.jpg 737w\" sizes=\"auto, (max-width: 266px) 100vw, 266px\" \/><\/figure>\n\n\n\n<div style=\"height:32px\" aria-hidden=\"true\" class=\"wp-block-spacer\"><\/div>\n\n\n\n<p>Verde konsertti 6.9.2025 lyhytaaltoasemalla V\u00e4in\u00f6l\u00e4ss\u00e4<\/p>\n\n\n\n<p>T.E.H.D.A.S. projectspaces, Radioasemantie 1, Pori<\/p>\n\n\n\n<div style=\"height:47px\" aria-hidden=\"true\" class=\"wp-block-spacer\"><\/div>\n\n\n\n<p><strong>Facebook Event: <a href=\"https:\/\/fb.me\/e\/8kAB8zWE0\">https:\/\/fb.me\/e\/8kAB8zWE0<\/a><\/strong><\/p>\n\n\n\n<p>Verde esitt\u00e4\u00e4 kaksi konserttia V\u00e4in\u00f6l\u00e4n Radiotalossa teemalla Mr. Rintala ja Dr. Verde paljastaen orkesterin kaksi enemm\u00e4n tai v\u00e4hemm\u00e4n pime\u00e4\u00e4 puolta.<br>Ensimm\u00e4inen osuus \u2013 klo 18.00 \u2013 19.00 &#8211; on vapaata jazz- ja rytmimusiikkia.<br>Toinen osuus \u2013 klo 20.00 \u2013 21.00 &#8211; keskittyy seikkailuun analogisten syntetisaattorien \u00e4\u00e4nimaailman parissa.<\/p>\n\n\n\n<p>Soittajina ensimm\u00e4isess\u00e4 osuudessa ovat Mika Verde Rintala, Jarmo Saarti, Mikko Elo ja Karri Jutila.<br>Toiseen osuuteen liitty mukaan vierailijaksi Olli Perttula.<\/p>\n\n\n\n<p>\u201dMonet orkesterit soittavat musiikkia. Verde soittaa \u00e4\u00e4ni\u00e4&#8221;<br>Klo 18:00 akustiikkaa 60 bpm, klo 20:00 elektroniikkaa 120 bpm.\u201d<\/p>\n\n\n\n<p>Verden viimeisin Porin keikka, joka soitettiin samalla kokoonpanolla:<br><a href=\"https:\/\/www.youtube.com\/watch?v=OHPIagYMZt4&amp;fbclid=IwZXh0bgNhZW0CMTAAYnJpZBExeDFka0tic2RVZDFSTUVIaAEerFxUTgFlM6-OTeCSbI76QugC2A8uhRgyQfNY2CQi0yfnRZOaK86KVQit6uI_aem_74x4FnLnKSAmebXtoN5bJQ\" rel=\"noreferrer noopener\" target=\"_blank\">https:\/\/www.youtube.com\/watch?v=OHPIagYMZt4<\/a><\/p>\n\n\n\n<p>Ja Mika Verde Rintalan syntetisaattorimaailmasta lis\u00e4\u00e4:<br><a href=\"https:\/\/verdeaudio.com\/?fbclid=IwZXh0bgNhZW0CMTAAYnJpZBExeDFka0tic2RVZDFSTUVIaAEe7Bt8hjOwlOqJEOykrhX1B3REa9fq8WeTE-iqrYCSogc-6NcvQMG-br40F5k_aem_ryqu3lwCG4R_zjhdg4puwg\" rel=\"noreferrer noopener\" target=\"_blank\">https:\/\/verdeaudio.com\/<\/a><\/p>\n\n\n\n<p>Tervetuloa!<\/p>\n\n\n\n<p>Plugi &amp; T.E.H.D.A.S.<\/p>\n","protected":false},"excerpt":{"rendered":"<p>Verde konsertti 6.9.2025 lyhytaaltoasemalla V\u00e4in\u00f6l\u00e4ss\u00e4 T.E.H.D.A.S. projectspaces, Radioasemantie 1, Pori Facebook Event: https:\/\/fb.me\/e\/8kAB8zWE0 Verde esitt\u00e4\u00e4 kaksi konserttia V\u00e4in\u00f6l\u00e4n Radiotalossa teemalla Mr. Rintala ja Dr. Verde paljastaen orkesterin kaksi enemm\u00e4n tai &hellip;<\/p>\n","protected":false},"author":13,"featured_media":142181,"comment_status":"closed","ping_status":"open","sticky":false,"template":"","format":"standard","meta":{"footnotes":""},"categories":[1],"tags":[],"class_list":["post-142180","post","type-post","status-publish","format-standard","has-post-thumbnail","hentry","category-uncategorized"],"_links":{"self":[{"href":"https:\/\/tehdasry.fi\/wordpress\/wp-json\/wp\/v2\/posts\/142180","targetHints":{"allow":["GET"]}}],"collection":[{"href":"https:\/\/tehdasry.fi\/wordpress\/wp-json\/wp\/v2\/posts"}],"about":[{"href":"https:\/\/tehdasry.fi\/wordpress\/wp-json\/wp\/v2\/types\/post"}],"author":[{"embeddable":true,"href":"https:\/\/tehdasry.fi\/wordpress\/wp-json\/wp\/v2\/users\/13"}],"replies":[{"embeddable":true,"href":"https:\/\/tehdasry.fi\/wordpress\/wp-json\/wp\/v2\/comments?post=142180"}],"version-history":[{"count":4,"href":"https:\/\/tehdasry.fi\/wordpress\/wp-json\/wp\/v2\/posts\/142180\/revisions"}],"predecessor-version":[{"id":142208,"href":"https:\/\/tehdasry.fi\/wordpress\/wp-json\/wp\/v2\/posts\/142180\/revisions\/142208"}],"wp:featuredmedia":[{"embeddable":true,"href":"https:\/\/tehdasry.fi\/wordpress\/wp-json\/wp\/v2\/media\/142181"}],"wp:attachment":[{"href":"https:\/\/tehdasry.fi\/wordpress\/wp-json\/wp\/v2\/media?parent=142180"}],"wp:term":[{"taxonomy":"category","embeddable":true,"href":"https:\/\/tehdasry.fi\/wordpress\/wp-json\/wp\/v2\/categories?post=142180"},{"taxonomy":"post_tag","embeddable":true,"href":"https:\/\/tehdasry.fi\/wordpress\/wp-json\/wp\/v2\/tags?post=142180"}],"curies":[{"name":"wp","href":"https:\/\/api.w.org\/{rel}","templated":true}]}}