{"id":142142,"date":"2025-07-07T11:08:32","date_gmt":"2025-07-07T08:08:32","guid":{"rendered":"https:\/\/tehdasry.fi\/wordpress\/?p=142142"},"modified":"2025-07-07T11:10:47","modified_gmt":"2025-07-07T08:10:47","slug":"t-e-h-d-a-s-presents-nightmare-kesanayttely-2025","status":"publish","type":"post","link":"https:\/\/tehdasry.fi\/wordpress\/2025\/07\/07\/t-e-h-d-a-s-presents-nightmare-kesanayttely-2025\/","title":{"rendered":"T.E.H.D.A.S. presents: NIGHTMAR\u00c9 &#8211; kes\u00e4n\u00e4yttely 2025"},"content":{"rendered":"\n<p>T.E.H.D.A.S. presents:<\/p>\n\n\n\n<p class=\"has-large-font-size\"><strong>NIGHTMAR\u00c9<\/strong><\/p>\n\n\n\n<figure class=\"wp-block-video\"><video autoplay controls loop src=\"https:\/\/tehdasry.fi\/wordpress\/wp-content\/uploads\/2025\/07\/Nightmare.mp4\" playsinline><\/video><\/figure>\n\n\n\n<div style=\"height:47px\" aria-hidden=\"true\" class=\"wp-block-spacer\"><\/div>\n\n\n\n<p>Mar\u00e9 tarkoittaa portugaliksi vuorovett\u00e4, ilmi\u00f6t\u00e4 jossa meren pinta nousee ja laskee kuun vetovoimasta. Kuun painovoima vet\u00e4\u00e4 merivett\u00e4 puoleensa ja on t\u00e4ysikuun, sek\u00e4 uudenkuun aikaan voimakkaimmillaan.<\/p>\n\n\n\n<p>T\u00e4ydenkuun aikaan kuun maata kohti osoittava puoli on kokonaan auringon valaisema, jolloin sen valo heijastuu veden pintaan ja ymp\u00e4r\u00f6iv\u00e4\u00e4n maisemaan. Uuden kuun aikaan pimeyden valtaama ymp\u00e4rist\u00f6 ja y\u00f6n mystiikka antavat mielikuvituksen vaeltaa ja kuvitella mit\u00e4 pinnan alla on.<\/p>\n\n\n\n<p>Vastakohdat kuten totuus ja illuusio, valo ja \u00e4\u00e4ni, n\u00e4kyv\u00e4 ja n\u00e4kym\u00e4t\u00f6n, betoni ja neste. N\u00e4iden v\u00e4linen vuoropuhelu ja j\u00e4nnite tuottavat liikett\u00e4 toistensa v\u00e4lill\u00e4.<\/p>\n\n\n\n<p>Vedess\u00e4, varjoissa, heijastuksissa ja kaiuissa on jotain unenomaista. Unet voivat paljastaa pinnan alle painettuja asioita. Unet voivat olla painajaisia.<\/p>\n\n\n\n<p>T.E.H.D.A.S. ry j\u00e4rjest\u00e4\u00e4 yhdeks\u00e4nnen kes\u00e4n\u00e4yttelyns\u00e4 Radioasemalla Porissa 12.7. &#8211; 30.8.2025.<\/p>\n\n\n\n<p>N\u00e4yttelyn aukioloajat ovat ke-su 12-18.<\/p>\n\n\n\n<p>Avajaisia vietet\u00e4\u00e4n 12.7.2025 klo 16 alkaen.<\/p>\n\n\n\n<p>Tervetuloa!<\/p>\n\n\n\n<div style=\"height:54px\" aria-hidden=\"true\" class=\"wp-block-spacer\"><\/div>\n\n\n\n<p><strong>In English:<\/strong><\/p>\n\n\n\n<p>\u200b\u200b\u201dMar\u00e9&#8221; in Portuguese refers to the natural phenomenon of the rising and falling sea levels, known as the tide.&nbsp;<\/p>\n\n\n\n<p>Water levels rise and fall thanks to the invisible touch of the moon. The moon exercises a gravitational force on the Earth, pulling the waters in its direction. The tide rises the most at the full moon and at the new moon.<\/p>\n\n\n\n<p>When the full moon occurs, the side facing the Earth gets fully illuminated by the sun, and this moonlight illuminates the waves, which reflect the light and movement on their surroundings. When the new moon occurs, darkness covers the surface, allowing us to hear and imagine the phenomenon.<\/p>\n\n\n\n<p>Thinking on dualities like truth and illusion, light and sound, visible and invisible, liquid and concrete, and how these can dialogue, exert force, and create movement between each other.&nbsp;<\/p>\n\n\n\n<p>Welcome!<\/p>\n\n\n\n<div style=\"height:51px\" aria-hidden=\"true\" class=\"wp-block-spacer\"><\/div>\n\n\n\n<p>Kiitos taiteen edist\u00e4miskeskus ja Porin kaupunki tuesta!<\/p>\n\n\n\n<p>www.tehdasry<\/p>\n\n\n\n<p>Instagram: t.e.h.d.a.s.ry<\/p>\n\n\n\n<div style=\"height:48px\" aria-hidden=\"true\" class=\"wp-block-spacer\"><\/div>\n\n\n\n<figure class=\"wp-block-image size-large\"><img loading=\"lazy\" decoding=\"async\" width=\"724\" height=\"1024\" src=\"https:\/\/tehdasry.fi\/wordpress\/wp-content\/uploads\/2025\/07\/a4-724x1024.jpg\" alt=\"\" class=\"wp-image-142144\" srcset=\"https:\/\/tehdasry.fi\/wordpress\/wp-content\/uploads\/2025\/07\/a4-724x1024.jpg 724w, https:\/\/tehdasry.fi\/wordpress\/wp-content\/uploads\/2025\/07\/a4-212x300.jpg 212w, https:\/\/tehdasry.fi\/wordpress\/wp-content\/uploads\/2025\/07\/a4-1086x1536.jpg 1086w, https:\/\/tehdasry.fi\/wordpress\/wp-content\/uploads\/2025\/07\/a4-1448x2048.jpg 1448w, https:\/\/tehdasry.fi\/wordpress\/wp-content\/uploads\/2025\/07\/a4-scaled.jpg 1810w\" sizes=\"auto, (max-width: 724px) 100vw, 724px\" \/><\/figure>\n","protected":false},"excerpt":{"rendered":"<p>T.E.H.D.A.S. presents: NIGHTMAR\u00c9 Mar\u00e9 tarkoittaa portugaliksi vuorovett\u00e4, ilmi\u00f6t\u00e4 jossa meren pinta nousee ja laskee kuun vetovoimasta. Kuun painovoima vet\u00e4\u00e4 merivett\u00e4 puoleensa ja on t\u00e4ysikuun, sek\u00e4 uudenkuun aikaan voimakkaimmillaan. T\u00e4ydenkuun aikaan &hellip;<\/p>\n","protected":false},"author":13,"featured_media":142144,"comment_status":"closed","ping_status":"open","sticky":false,"template":"","format":"standard","meta":{"footnotes":""},"categories":[1,51,5],"tags":[],"class_list":["post-142142","post","type-post","status-publish","format-standard","has-post-thumbnail","hentry","category-uncategorized","category-kesanayttely","category-t-e-h-d-a-s-ry"],"_links":{"self":[{"href":"https:\/\/tehdasry.fi\/wordpress\/wp-json\/wp\/v2\/posts\/142142","targetHints":{"allow":["GET"]}}],"collection":[{"href":"https:\/\/tehdasry.fi\/wordpress\/wp-json\/wp\/v2\/posts"}],"about":[{"href":"https:\/\/tehdasry.fi\/wordpress\/wp-json\/wp\/v2\/types\/post"}],"author":[{"embeddable":true,"href":"https:\/\/tehdasry.fi\/wordpress\/wp-json\/wp\/v2\/users\/13"}],"replies":[{"embeddable":true,"href":"https:\/\/tehdasry.fi\/wordpress\/wp-json\/wp\/v2\/comments?post=142142"}],"version-history":[{"count":5,"href":"https:\/\/tehdasry.fi\/wordpress\/wp-json\/wp\/v2\/posts\/142142\/revisions"}],"predecessor-version":[{"id":142154,"href":"https:\/\/tehdasry.fi\/wordpress\/wp-json\/wp\/v2\/posts\/142142\/revisions\/142154"}],"wp:featuredmedia":[{"embeddable":true,"href":"https:\/\/tehdasry.fi\/wordpress\/wp-json\/wp\/v2\/media\/142144"}],"wp:attachment":[{"href":"https:\/\/tehdasry.fi\/wordpress\/wp-json\/wp\/v2\/media?parent=142142"}],"wp:term":[{"taxonomy":"category","embeddable":true,"href":"https:\/\/tehdasry.fi\/wordpress\/wp-json\/wp\/v2\/categories?post=142142"},{"taxonomy":"post_tag","embeddable":true,"href":"https:\/\/tehdasry.fi\/wordpress\/wp-json\/wp\/v2\/tags?post=142142"}],"curies":[{"name":"wp","href":"https:\/\/api.w.org\/{rel}","templated":true}]}}